{"id":3325,"date":"2024-06-03T11:09:57","date_gmt":"2024-06-03T09:09:57","guid":{"rendered":"https:\/\/w.turismehostalric.cat\/hostalric-capital-del-vescomtat-de-cabrera\/"},"modified":"2025-08-25T09:56:10","modified_gmt":"2025-08-25T07:56:10","slug":"hostalric-capital-del-vescomtat-de-cabrera","status":"publish","type":"post","link":"https:\/\/www.turismehostalric.cat\/es\/hostalric-capital-del-vescomtat-de-cabrera\/","title":{"rendered":"Hostalric, capital del vizcondado de Cabrera"},"content":{"rendered":"\t\t<div data-elementor-type=\"wp-post\" data-elementor-id=\"3325\" class=\"elementor elementor-3325 elementor-3298\" data-elementor-post-type=\"post\">\n\t\t\t\t<div class=\"elementor-element elementor-element-eb84b8d e-flex e-con-boxed wpr-particle-no wpr-jarallax-no wpr-parallax-no wpr-sticky-section-no wpr-equal-height-no e-con e-parent\" data-id=\"eb84b8d\" data-element_type=\"container\">\n\t\t\t\t\t<div class=\"e-con-inner\">\n\t\t\t\t<div class=\"elementor-element elementor-element-790aeca elementor-widget elementor-widget-heading\" data-id=\"790aeca\" data-element_type=\"widget\" data-widget_type=\"heading.default\">\n\t\t\t\t<div class=\"elementor-widget-container\">\n\t\t\t\t\t<h2 class=\"elementor-heading-title elementor-size-default\">Hostalric, el gobierno de un territorio medieval<\/h2>\t\t\t\t<\/div>\n\t\t\t\t<\/div>\n\t\t\t\t\t<\/div>\n\t\t\t\t<\/div>\n\t\t<div class=\"elementor-element elementor-element-8c72448 e-flex e-con-boxed wpr-particle-no wpr-jarallax-no wpr-parallax-no wpr-sticky-section-no wpr-equal-height-no e-con e-parent\" data-id=\"8c72448\" data-element_type=\"container\">\n\t\t\t\t\t<div class=\"e-con-inner\">\n\t\t\t\t<div class=\"elementor-element elementor-element-d9fa409 elementor-widget elementor-widget-text-editor\" data-id=\"d9fa409\" data-element_type=\"widget\" data-widget_type=\"text-editor.default\">\n\t\t\t\t<div class=\"elementor-widget-container\">\n\t\t\t\t\t\t\t\t\t<p>El vizcondado de Cabrera era una se\u00f1or\u00eda feudal muy importante que formaba parte de los territorios de la Corona catalanoaragonesa. Se extend\u00eda desde las boscosas monta\u00f1as del Montseny, Guilleries y el Collsacabra hasta el mar Mediterr\u00e1neo, con el centro situado en la actual comarca de la Selva.  <\/p>\n\t\t\t\t\t\t\t\t<\/div>\n\t\t\t\t<\/div>\n\t\t\t\t\t<\/div>\n\t\t\t\t<\/div>\n\t\t<div class=\"elementor-element elementor-element-5b344be e-flex e-con-boxed wpr-particle-no wpr-jarallax-no wpr-parallax-no wpr-sticky-section-no wpr-equal-height-no e-con e-parent\" data-id=\"5b344be\" data-element_type=\"container\">\n\t\t\t\t\t<div class=\"e-con-inner\">\n\t\t\t\t<div class=\"elementor-element elementor-element-c18dc00 elementor-widget elementor-widget-image\" data-id=\"c18dc00\" data-element_type=\"widget\" data-widget_type=\"image.default\">\n\t\t\t\t<div class=\"elementor-widget-container\">\n\t\t\t\t\t\t\t\t\t\t\t\t\t\t\t<img fetchpriority=\"high\" decoding=\"async\" width=\"500\" height=\"333\" src=\"https:\/\/www.turismehostalric.cat\/wp-content\/uploads\/2024\/06\/6cdb3-Mapa-vescomtat.png\" class=\"attachment-full size-full wp-image-3303\" alt=\"\" srcset=\"https:\/\/www.turismehostalric.cat\/wp-content\/uploads\/2024\/06\/6cdb3-Mapa-vescomtat.png 500w, https:\/\/www.turismehostalric.cat\/wp-content\/uploads\/2024\/06\/6cdb3-Mapa-vescomtat-300x200.png 300w\" sizes=\"(max-width: 500px) 100vw, 500px\" \/>\t\t\t\t\t\t\t\t\t\t\t\t\t\t\t<\/div>\n\t\t\t\t<\/div>\n\t\t\t\t<div class=\"elementor-element elementor-element-3b5b5ee elementor-widget elementor-widget-text-editor\" data-id=\"3b5b5ee\" data-element_type=\"widget\" data-widget_type=\"text-editor.default\">\n\t\t\t\t<div class=\"elementor-widget-container\">\n\t\t\t\t\t\t\t\t\t<p>El territorio del vizcondado ten\u00eda formas de gobierno propias, centralizadas en la villa amurallada de Hostalric. El contexto geoestrat\u00e9gico de la villa de Hostalric le favoreci\u00f3 de forma muy importante su auge como capitalidad vizcondal. La villa empez\u00f3 a singularizarse a partir del siglo XIII y, durante la siguiente centuria, consolid\u00f3 y aument\u00f3 esta posici\u00f3n preeminente en t\u00e9rminos de capitalidad vizcondal. La poblaci\u00f3n centralizar\u00e1 a buena parte de la alta administraci\u00f3n y principal tribunal judicial del territorio familiar Cabrera. Ser\u00e1 clave la figura de los agentes de poder al servicio de los vizcondes, que hac\u00edan efectiva la gobernabilidad del territorio. Estaban la notar\u00eda p\u00fablica, la escriban\u00eda y la corte judicial, y resid\u00edan all\u00ed el procurador general y el clavario. Por ejemplo, destac\u00f3 el notario de Hostalric Pere de Santantoni, que fue notario p\u00fablico, juez ordinario y procurador general de todo el vizcondado en el siglo XIV. Tambi\u00e9n albergaba un hospital, varios hostales e incluso una peque\u00f1a comunidad jud\u00eda.<\/p>\n<p>Con el objetivo de poner en valor el patrimonio material e inmaterial del Vizcondado de Cabrera, el Consejo Comarcal de La Selva ha creado el producto tur\u00edstico cultural La Ruta de los Cabrera. Se estructura en 4 rutas tem\u00e1ticas (la miliar, la administrativa, la religiosa y la comercial), siendo Hostalric protagonista principal de la ruta administrativa. Haga un tour virtual por el legado patrimonial del vizcondado.<\/p>\n\t\t\t\t\t\t\t\t<\/div>\n\t\t\t\t<\/div>\n\t\t\t\t<div class=\"elementor-element elementor-element-ba7194d elementor-widget elementor-widget-video\" data-id=\"ba7194d\" data-element_type=\"widget\" data-settings=\"{&quot;youtube_url&quot;:&quot;https:\\\/\\\/www.youtube.com\\\/watch?v=NiiYOrb9OuQ&quot;,&quot;video_type&quot;:&quot;youtube&quot;,&quot;controls&quot;:&quot;yes&quot;}\" data-widget_type=\"video.default\">\n\t\t\t\t<div class=\"elementor-widget-container\">\n\t\t\t\t\t\t\t<div class=\"elementor-wrapper elementor-open-inline\">\n\t\t\t<div class=\"elementor-video\"><\/div>\t\t<\/div>\n\t\t\t\t\t\t<\/div>\n\t\t\t\t<\/div>\n\t\t\t\t\t<\/div>\n\t\t\t\t<\/div>\n\t\t<div class=\"elementor-element elementor-element-fde98be e-flex e-con-boxed wpr-particle-no wpr-jarallax-no wpr-parallax-no wpr-sticky-section-no wpr-equal-height-no e-con e-parent\" data-id=\"fde98be\" data-element_type=\"container\">\n\t\t\t\t\t<div class=\"e-con-inner\">\n\t\t\t\t<div class=\"elementor-element elementor-element-a1edb21 elementor-widget elementor-widget-heading\" data-id=\"a1edb21\" data-element_type=\"widget\" data-widget_type=\"heading.default\">\n\t\t\t\t<div class=\"elementor-widget-container\">\n\t\t\t\t\t<h2 class=\"elementor-heading-title elementor-size-default\">El patrimonio<\/h2>\t\t\t\t<\/div>\n\t\t\t\t<\/div>\n\t\t\t\t\t<\/div>\n\t\t\t\t<\/div>\n\t\t<div class=\"elementor-element elementor-element-7d11ea3 e-flex e-con-boxed wpr-particle-no wpr-jarallax-no wpr-parallax-no wpr-sticky-section-no wpr-equal-height-no e-con e-parent\" data-id=\"7d11ea3\" data-element_type=\"container\">\n\t\t\t\t\t<div class=\"e-con-inner\">\n\t\t<div class=\"elementor-element elementor-element-8ac3688 e-con-full e-flex wpr-particle-no wpr-jarallax-no wpr-parallax-no wpr-sticky-section-no wpr-equal-height-no e-con e-child\" data-id=\"8ac3688\" data-element_type=\"container\">\n\t\t\t\t<div class=\"elementor-element elementor-element-08e20d3 elementor-position-top elementor-widget elementor-widget-image-box\" data-id=\"08e20d3\" data-element_type=\"widget\" data-widget_type=\"image-box.default\">\n\t\t\t\t<div class=\"elementor-widget-container\">\n\t\t\t\t\t<div class=\"elementor-image-box-wrapper\"><figure class=\"elementor-image-box-img\"><img decoding=\"async\" width=\"500\" height=\"333\" src=\"https:\/\/www.turismehostalric.cat\/wp-content\/uploads\/2024\/06\/c17a3-Vescomtat_muralla.png\" class=\"attachment-full size-full wp-image-3304\" alt=\"\" srcset=\"https:\/\/www.turismehostalric.cat\/wp-content\/uploads\/2024\/06\/c17a3-Vescomtat_muralla.png 500w, https:\/\/www.turismehostalric.cat\/wp-content\/uploads\/2024\/06\/c17a3-Vescomtat_muralla-300x200.png 300w\" sizes=\"(max-width: 500px) 100vw, 500px\" \/><\/figure><div class=\"elementor-image-box-content\"><h3 class=\"elementor-image-box-title\">La muralla medieval<\/h3><p class=\"elementor-image-box-description\">Hostalric aparece en la documentaci\u00f3n en 1106 como Ostalrico o Quota. Sin embargo, desconocemos si en esa \u00e9poca la poblaci\u00f3n ya ten\u00eda muralla. En la siguiente centuria el rey Jaime I el Conquistador otorg\u00f3 al vizconde Guerau V de Cabrera la licencia para celebrar mercado en la villa y entre los a\u00f1os 1242 y 1243 se firm\u00f3 la carta de poblamiento de Hostalric. Por tanto, la estructura defensiva que todav\u00eda vemos hoy en d\u00eda muy posiblemente tiene su origen entre los siglos XIII y XIV. Se conservan seiscientos metros lineales de murallas fortificadas con ocho torres, adem\u00e1s del portal de Les Hortes (el \u00fanico portal de la muralla conservado en estado original), el Portal de Barcelona (reconstruido) y fuera muralla la Torre dels Frares y la Torre del Convento.<\/p><\/div><\/div>\t\t\t\t<\/div>\n\t\t\t\t<\/div>\n\t\t\t\t<\/div>\n\t\t<div class=\"elementor-element elementor-element-07fde11 e-con-full e-flex wpr-particle-no wpr-jarallax-no wpr-parallax-no wpr-sticky-section-no wpr-equal-height-no e-con e-child\" data-id=\"07fde11\" data-element_type=\"container\">\n\t\t\t\t<div class=\"elementor-element elementor-element-f64171a elementor-position-top elementor-widget elementor-widget-image-box\" data-id=\"f64171a\" data-element_type=\"widget\" data-widget_type=\"image-box.default\">\n\t\t\t\t<div class=\"elementor-widget-container\">\n\t\t\t\t\t<div class=\"elementor-image-box-wrapper\"><figure class=\"elementor-image-box-img\"><img decoding=\"async\" width=\"500\" height=\"333\" src=\"https:\/\/www.turismehostalric.cat\/wp-content\/uploads\/2024\/06\/7a41a-Vescomtat_Torre.png\" class=\"attachment-full size-full wp-image-3316\" alt=\"\" srcset=\"https:\/\/www.turismehostalric.cat\/wp-content\/uploads\/2024\/06\/7a41a-Vescomtat_Torre.png 500w, https:\/\/www.turismehostalric.cat\/wp-content\/uploads\/2024\/06\/7a41a-Vescomtat_Torre-300x200.png 300w\" sizes=\"(max-width: 500px) 100vw, 500px\" \/><\/figure><div class=\"elementor-image-box-content\"><h3 class=\"elementor-image-box-title\">La Torre de los Frailes<\/h3><p class=\"elementor-image-box-description\">Se llama as\u00ed porque en el edificio de enfrente, donde hoy se encuentra el Ayuntamiento, antiguamente estaba el convento de los frailes m\u00ednimos de la orden de San Francisco de Paula. La torre se construy\u00f3 en el siglo XIII y es el elemento defensivo m\u00e1s alto de la villa de Hostalric, con treinta y tres metros de altura. Tiene tres pisos y el acceso original se situaba en la primera planta, sin escalera fija, para tener una mejor defensa. La parte m\u00e1s alta estaba coronada por un magn\u00edfico matac\u00e1n corredor del que todav\u00eda quedan restos, aunque durante la Guerra del Franc\u00e9s (1810) debido a un bombardeo se derrumbar\u00e1 un trecho de la parte superior de la torre. Actualmente las tres plantas son visitables y albergan una exposici\u00f3n permanente sobre Hostalric medieval y la guerra del Franc\u00e9s. Para facilitar la ascensi\u00f3n encontrar\u00e1 un ascensor para llegar al mirador de la terraza.  <\/p><\/div><\/div>\t\t\t\t<\/div>\n\t\t\t\t<\/div>\n\t\t\t\t<\/div>\n\t\t\t\t\t<\/div>\n\t\t\t\t<\/div>\n\t\t<div class=\"elementor-element elementor-element-96ad910 e-flex e-con-boxed wpr-particle-no wpr-jarallax-no wpr-parallax-no wpr-sticky-section-no wpr-equal-height-no e-con e-parent\" data-id=\"96ad910\" data-element_type=\"container\">\n\t\t\t\t\t<div class=\"e-con-inner\">\n\t\t<div class=\"elementor-element elementor-element-7687d27 e-con-full e-flex wpr-particle-no wpr-jarallax-no wpr-parallax-no wpr-sticky-section-no wpr-equal-height-no e-con e-child\" data-id=\"7687d27\" data-element_type=\"container\">\n\t\t\t\t<div class=\"elementor-element elementor-element-bdabeeb elementor-position-top elementor-widget elementor-widget-image-box\" data-id=\"bdabeeb\" data-element_type=\"widget\" data-widget_type=\"image-box.default\">\n\t\t\t\t<div class=\"elementor-widget-container\">\n\t\t\t\t\t<div class=\"elementor-image-box-wrapper\"><figure class=\"elementor-image-box-img\"><img loading=\"lazy\" decoding=\"async\" width=\"500\" height=\"333\" src=\"https:\/\/www.turismehostalric.cat\/wp-content\/uploads\/2024\/06\/7c3b3-Vescomtat_castell.png\" class=\"attachment-full size-full wp-image-3308\" alt=\"\" srcset=\"https:\/\/www.turismehostalric.cat\/wp-content\/uploads\/2024\/06\/7c3b3-Vescomtat_castell.png 500w, https:\/\/www.turismehostalric.cat\/wp-content\/uploads\/2024\/06\/7c3b3-Vescomtat_castell-300x200.png 300w\" sizes=\"(max-width: 500px) 100vw, 500px\" \/><\/figure><div class=\"elementor-image-box-content\"><h3 class=\"elementor-image-box-title\">El Castillo<\/h3><p class=\"elementor-image-box-description\">Se tiene constancia de que en el a\u00f1o 1145 ya exist\u00eda un castillo en lo alto de la colina de Hostalric, vinculada desde los inicios a la familia vizcondal Cabrera. El castillo estaba ubicado en el tramo central del camino real entre Barcelona y Girona, y ten\u00eda, por tanto, un gran valor estrat\u00e9gico. A partir del siglo XVII y especialmente durante el siglo XVIII, el antiguo castillo medieval qued\u00f3 completamente alterado con las grandes reformas arquitect\u00f3nicas para adaptarlo al potente desarrollo de la artiller\u00eda de p\u00f3lvora. As\u00ed pues, hoy en d\u00eda quedan visibles pocos vestigios del castillo medieval, como podr\u00edan ser las fachadas norte y sur del edificio principal, una cisterna de esa \u00e9poca en su interior, as\u00ed como otros elementos arquitect\u00f3nicos menores.<\/p><\/div><\/div>\t\t\t\t<\/div>\n\t\t\t\t<\/div>\n\t\t\t\t<\/div>\n\t\t<div class=\"elementor-element elementor-element-0c8daf8 e-con-full e-flex wpr-particle-no wpr-jarallax-no wpr-parallax-no wpr-sticky-section-no wpr-equal-height-no e-con e-child\" data-id=\"0c8daf8\" data-element_type=\"container\">\n\t\t\t\t<div class=\"elementor-element elementor-element-88942e7 elementor-position-top elementor-widget elementor-widget-image-box\" data-id=\"88942e7\" data-element_type=\"widget\" data-widget_type=\"image-box.default\">\n\t\t\t\t<div class=\"elementor-widget-container\">\n\t\t\t\t\t<div class=\"elementor-image-box-wrapper\"><figure class=\"elementor-image-box-img\"><img loading=\"lazy\" decoding=\"async\" width=\"500\" height=\"333\" src=\"https:\/\/www.turismehostalric.cat\/wp-content\/uploads\/2024\/06\/b1841-Vescomtat-cova.png\" class=\"attachment-full size-full wp-image-3312\" alt=\"\" srcset=\"https:\/\/www.turismehostalric.cat\/wp-content\/uploads\/2024\/06\/b1841-Vescomtat-cova.png 500w, https:\/\/www.turismehostalric.cat\/wp-content\/uploads\/2024\/06\/b1841-Vescomtat-cova-300x200.png 300w\" sizes=\"(max-width: 500px) 100vw, 500px\" \/><\/figure><div class=\"elementor-image-box-content\"><h3 class=\"elementor-image-box-title\">La cueva del Religuer<\/h3><p class=\"elementor-image-box-description\">La cueva del Relliguer es una galer\u00eda subterr\u00e1nea excavada en la arenisca del regazo del castillo. La entrada se encuentra en el recinto medieval, en un sector muy cercano a uno de sus accesos m\u00e1s importantes (portal de Barcelona) y tambi\u00e9n en el camino fortificado de origen medieval que conecta el pueblo con la fortaleza (antiguo castillo). Se trata de un hipogeo de veintis\u00e9is metros de recorrido descendente que conduce a una peque\u00f1a sala situada a seis metros de profundidad. Podr\u00eda tratarse de un hipogeo utilizado como refugio y escondite en \u00e9pocas de peligro o de una galer\u00eda relacionada con la fortificaci\u00f3n de la colina.<\/p><\/div><\/div>\t\t\t\t<\/div>\n\t\t\t\t<\/div>\n\t\t\t\t<\/div>\n\t\t\t\t\t<\/div>\n\t\t\t\t<\/div>\n\t\t\t\t<\/div>\n\t\t","protected":false},"excerpt":{"rendered":"<p>Hostalric, el gobierno de un territorio medieval El vizcondado de Cabrera era una se\u00f1or\u00eda feudal muy importante que formaba parte de los territorios de la Corona catalanoaragonesa. Se extend\u00eda desde las boscosas monta\u00f1as del Montseny, Guilleries y el Collsacabra hasta el mar Mediterr\u00e1neo, con el centro situado en la actual comarca de la Selva. El territorio del vizcondado ten\u00eda formas de gobierno propias, centralizadas en la villa amurallada de Hostalric. El contexto geoestrat\u00e9gico de la villa de Hostalric le favoreci\u00f3 de forma muy importante su auge como capitalidad vizcondal. La villa empez\u00f3 a singularizarse a partir del siglo XIII y, durante la siguiente centuria, consolid\u00f3 y aument\u00f3 esta posici\u00f3n preeminente en t\u00e9rminos de capitalidad vizcondal. La poblaci\u00f3n centralizar\u00e1 a buena parte de la alta administraci\u00f3n y principal tribunal judicial del territorio familiar Cabrera. Ser\u00e1 clave la figura de los agentes de poder al servicio de los vizcondes, que hac\u00edan efectiva la gobernabilidad del territorio. Estaban la notar\u00eda p\u00fablica, la escriban\u00eda y la corte judicial, y resid\u00edan all\u00ed el procurador general y el clavario. Por ejemplo, destac\u00f3 el notario de Hostalric Pere de Santantoni, que fue notario p\u00fablico, juez ordinario y procurador general de todo el vizcondado en el siglo XIV. Tambi\u00e9n albergaba un hospital, varios hostales e incluso una peque\u00f1a comunidad jud\u00eda. Con el objetivo de poner en valor el patrimonio material e inmaterial del Vizcondado de Cabrera, el Consejo Comarcal de La Selva ha creado el producto tur\u00edstico cultural La Ruta de los Cabrera. Se estructura en 4 rutas tem\u00e1ticas (la miliar, la administrativa, la religiosa y la comercial), siendo Hostalric protagonista principal de la ruta administrativa. Haga un tour virtual por el legado patrimonial del vizcondado. El patrimonio La muralla medieval Hostalric aparece en la documentaci\u00f3n en 1106 como Ostalrico o Quota. Sin embargo, desconocemos si en esa \u00e9poca la poblaci\u00f3n ya ten\u00eda muralla. En la siguiente centuria el rey Jaime I el Conquistador otorg\u00f3 al vizconde Guerau V de Cabrera la licencia para celebrar mercado en la villa y entre los a\u00f1os 1242 y 1243 se firm\u00f3 la carta de poblamiento de Hostalric. Por tanto, la estructura defensiva que todav\u00eda vemos hoy en d\u00eda muy posiblemente tiene su origen entre los siglos XIII y XIV. Se conservan seiscientos metros lineales de murallas fortificadas con ocho torres, adem\u00e1s del portal de Les Hortes (el \u00fanico portal de la muralla conservado en estado original), el Portal de Barcelona (reconstruido) y fuera muralla la Torre dels Frares y la Torre del Convento. La Torre de los Frailes Se llama as\u00ed porque en el edificio de enfrente, donde hoy se encuentra el Ayuntamiento, antiguamente estaba el convento de los frailes m\u00ednimos de la orden de San Francisco de Paula. La torre se construy\u00f3 en el siglo XIII y es el elemento defensivo m\u00e1s alto de la villa de Hostalric, con treinta y tres metros de altura. Tiene tres pisos y el acceso original se situaba en la primera planta, sin escalera fija, para tener una mejor defensa. La parte m\u00e1s alta estaba coronada por un magn\u00edfico matac\u00e1n corredor del que todav\u00eda quedan restos, aunque durante la Guerra del Franc\u00e9s (1810) debido a un bombardeo se derrumbar\u00e1 un trecho de la parte superior de la torre. Actualmente las tres plantas son visitables y albergan una exposici\u00f3n permanente sobre Hostalric medieval y la guerra del Franc\u00e9s. Para facilitar la ascensi\u00f3n encontrar\u00e1 un ascensor para llegar al mirador de la terraza. El Castillo Se tiene constancia de que en el a\u00f1o 1145 ya exist\u00eda un castillo en lo alto de la colina de Hostalric, vinculada desde los inicios a la familia vizcondal Cabrera. El castillo estaba ubicado en el tramo central del camino real entre Barcelona y Girona, y ten\u00eda, por tanto, un gran valor estrat\u00e9gico. A partir del siglo XVII y especialmente durante el siglo XVIII, el antiguo castillo medieval qued\u00f3 completamente alterado con las grandes reformas arquitect\u00f3nicas para adaptarlo al potente desarrollo de la artiller\u00eda de p\u00f3lvora. As\u00ed pues, hoy en d\u00eda quedan visibles pocos vestigios del castillo medieval, como podr\u00edan ser las fachadas norte y sur del edificio principal, una cisterna de esa \u00e9poca en su interior, as\u00ed como otros elementos arquitect\u00f3nicos menores. La cueva del Religuer La cueva del Relliguer es una galer\u00eda subterr\u00e1nea excavada en la arenisca del regazo del castillo. La entrada se encuentra en el recinto medieval, en un sector muy cercano a uno de sus accesos m\u00e1s importantes (portal de Barcelona) y tambi\u00e9n en el camino fortificado de origen medieval que conecta el pueblo con la fortaleza (antiguo castillo). Se trata de un hipogeo de veintis\u00e9is metros de recorrido descendente que conduce a una peque\u00f1a sala situada a seis metros de profundidad. Podr\u00eda tratarse de un hipogeo utilizado como refugio y escondite en \u00e9pocas de peligro o de una galer\u00eda relacionada con la fortificaci\u00f3n de la colina.<\/p>\n","protected":false},"author":1,"featured_media":3297,"comment_status":"open","ping_status":"open","sticky":false,"template":"","format":"standard","meta":{"_acf_changed":false,"footnotes":""},"categories":[7],"tags":[],"class_list":["post-3325","post","type-post","status-publish","format-standard","has-post-thumbnail","hentry","category-sin-categorizar"],"acf":[],"_links":{"self":[{"href":"https:\/\/www.turismehostalric.cat\/es\/wp-json\/wp\/v2\/posts\/3325","targetHints":{"allow":["GET"]}}],"collection":[{"href":"https:\/\/www.turismehostalric.cat\/es\/wp-json\/wp\/v2\/posts"}],"about":[{"href":"https:\/\/www.turismehostalric.cat\/es\/wp-json\/wp\/v2\/types\/post"}],"author":[{"embeddable":true,"href":"https:\/\/www.turismehostalric.cat\/es\/wp-json\/wp\/v2\/users\/1"}],"replies":[{"embeddable":true,"href":"https:\/\/www.turismehostalric.cat\/es\/wp-json\/wp\/v2\/comments?post=3325"}],"version-history":[{"count":2,"href":"https:\/\/www.turismehostalric.cat\/es\/wp-json\/wp\/v2\/posts\/3325\/revisions"}],"predecessor-version":[{"id":4278,"href":"https:\/\/www.turismehostalric.cat\/es\/wp-json\/wp\/v2\/posts\/3325\/revisions\/4278"}],"wp:featuredmedia":[{"embeddable":true,"href":"https:\/\/www.turismehostalric.cat\/es\/wp-json\/wp\/v2\/media\/3297"}],"wp:attachment":[{"href":"https:\/\/www.turismehostalric.cat\/es\/wp-json\/wp\/v2\/media?parent=3325"}],"wp:term":[{"taxonomy":"category","embeddable":true,"href":"https:\/\/www.turismehostalric.cat\/es\/wp-json\/wp\/v2\/categories?post=3325"},{"taxonomy":"post_tag","embeddable":true,"href":"https:\/\/www.turismehostalric.cat\/es\/wp-json\/wp\/v2\/tags?post=3325"}],"curies":[{"name":"wp","href":"https:\/\/api.w.org\/{rel}","templated":true}]}}